{"id":40691,"date":"2021-01-29T18:43:31","date_gmt":"2021-01-29T23:43:31","guid":{"rendered":"https:\/\/wecodv.wpenginepowered.com\/weco-est-fier-dannoncer-larrivee-du-directeur-ventes-marketing-amerique-du-nord\/"},"modified":"2021-01-29T18:47:32","modified_gmt":"2021-01-29T23:47:32","slug":"weco-est-fier-dannoncer-larrivee-du-directeur-ventes-marketing-amerique-du-nord","status":"publish","type":"post","link":"https:\/\/wecoconnectors.com\/fr\/weco-est-fier-dannoncer-larrivee-du-directeur-ventes-marketing-amerique-du-nord\/","title":{"rendered":"WECO est fier d&rsquo;annoncer l&rsquo;arriv\u00e9e du Directeur, Ventes &#038; Marketing, Am\u00e9rique du Nord"},"content":{"rendered":"<p><a href=\"https:\/\/wecoconnectors.com\/wp-content\/uploads\/2021\/01\/MarcVilleneuve.png\"><img decoding=\"async\" class=\"aligncenter size-medium wp-image-40379\" src=\"https:\/\/wecoconnectors.com\/wp-content\/uploads\/2021\/01\/MarcVilleneuve.png\" alt=\"\" width=\"1\" height=\"1\" \/><\/a><\/p>\n<p>WECO a le plaisir d&rsquo;annoncer que <strong>Marc Villeneuve<\/strong> a rejoint notre \u00e9quipe en tant que <strong>Directeur, Ventes &amp; Marketing pour l&rsquo;Am\u00e9rique du Nord<\/strong>.\u00a0 Dans ses nouvelles fonctions chez WECO, Marc sera responsable de la gestion et du d\u00e9veloppement de notre unit\u00e9 commerciale nord-am\u00e9ricaine.\u00a0\u00a0 De plus, il sera responsable de la d\u00e9finition et de la mise en \u0153uvre d&rsquo;un mod\u00e8le organisationnel pour soutenir la vision et les priorit\u00e9s strat\u00e9giques de WECO.<br \/>\n&nbsp;<br \/>\nIl \u00e9tait jusqu&rsquo;\u00e0 pr\u00e9sent Directeur, D\u00e9veloppement Commercial chez Palton Aircraft.\u00a0 Son mandat comprenait la recherche d&rsquo;opportunit\u00e9s commerciales, la conception de nouveaux produits adapt\u00e9s aux besoins des clients, ainsi que la gestion des projets, y compris leurs aspects techniques.<br \/>\n&nbsp;<br \/>\nMarc apporte \u00e0 l&rsquo;entreprise plus de 20 ans d&rsquo;exp\u00e9rience dans le domaine des ventes et du d\u00e9veloppement commercial.\u00a0 Sa vaste exp\u00e9rience dans la vente \u00e0 divers types d&rsquo;organisations, y compris les grands distributeurs et les entreprises technologiques, combin\u00e9e \u00e0 sa solide formation en ing\u00e9nierie, lui a permis de remporter un grand succ\u00e8s au sein des entreprises pour lesquelles il a travaill\u00e9.\u00a0 Il a g\u00e9r\u00e9 des comptes clients cl\u00e9s dans les secteurs de l&rsquo;a\u00e9rospatiale et de l&rsquo;\u00e9lectronique, de la conception \u00e0 la r\u00e9alisation de la vente.\u00a0 Il est titulaire d&rsquo;une licence en g\u00e9nie m\u00e9canique et est membre de l&rsquo;Association Professionnelle des Ing\u00e9nieurs de l\u2019Ontario.<br \/>\n&nbsp;<br \/>\n\u00ab Nous sommes ravis que Marc rejoigne notre \u00e9quipe. Le march\u00e9 \u00e9lectrique et \u00e9lectronique nord-am\u00e9ricain repr\u00e9sente une importante opportunit\u00e9 de croissance potentielle, et nous sommes convaincus que son enthousiasme, sa passion et son leadership contribueront grandement \u00e0 nos initiatives de d\u00e9veloppement commercial sur le march\u00e9\u00a0\u00bb, a d\u00e9clar\u00e9 Michel Alary, Pr\u00e9sident et Chef de la Direction.<\/p>\n","protected":false},"excerpt":{"rendered":"<p>WECO a le plaisir d&rsquo;annoncer que Marc Villeneuve a rejoint notre \u00e9quipe en tant que Directeur, Ventes &amp; Marketing pour l&rsquo;Am\u00e9rique du Nord.\u00a0 Dans ses nouvelles fonctions chez WECO, Marc&#8230;<\/p>\n","protected":false},"author":5,"featured_media":40381,"comment_status":"open","ping_status":"open","sticky":false,"template":"","format":"standard","meta":{"_monsterinsights_skip_tracking":false,"_monsterinsights_sitenote_active":false,"_monsterinsights_sitenote_note":"","_monsterinsights_sitenote_category":0,"footnotes":""},"categories":[33],"tags":[],"class_list":{"0":"post-40691","1":"post","2":"type-post","3":"status-publish","4":"format-standard","5":"has-post-thumbnail","7":"category-news-fr"},"acf":[],"cp_meta_data":{"_wpml_word_count":["{\"total\":316,\"to_translate\":{\"zh-hans\":316,\"en\":316,\"de\":316,\"pt-pt\":316,\"es\":316}}"],"_thumbnail_id":["40381"],"_nectar_love":["0"],"nectar_blog_post_view_count":["486"],"_last_translation_edit_mode":["translation-editor"],"_edit_lock":["1620102187:8"],"_news_picture":["field_5aabfbb234fff"],"_news_picture_big":["field_5aac01db69643"],"_cmplz_scanned_post":["1"]},"yoast_head":"<!-- This site is optimized with the Yoast SEO plugin v27.5 - https:\/\/yoast.com\/product\/yoast-seo-wordpress\/ -->\n<title>WECO est fier d&#039;annoncer l&#039;arriv\u00e9e du Directeur, Ventes &amp; Marketing, Am\u00e9rique du Nord - WECO Electrical Connectors<\/title>\n<meta name=\"description\" content=\"WECO est fier d&#039;annoncer l&#039;arriv\u00e9e du Directeur, Ventes &amp; Marketing, Am\u00e9rique du Nord - WECO Electrical Connectors\" \/>\n<meta name=\"robots\" content=\"index, follow, max-snippet:-1, max-image-preview:large, max-video-preview:-1\" \/>\n<link rel=\"canonical\" href=\"https:\/\/wecoconnectors.com\/fr\/weco-est-fier-dannoncer-larrivee-du-directeur-ventes-marketing-amerique-du-nord\/\" \/>\n<meta property=\"og:locale\" content=\"fr_FR\" \/>\n<meta property=\"og:type\" content=\"article\" \/>\n<meta property=\"og:title\" content=\"WECO est fier d&#039;annoncer l&#039;arriv\u00e9e du Directeur, Ventes &amp; Marketing, Am\u00e9rique du Nord - WECO Electrical Connectors\" \/>\n<meta property=\"og:description\" content=\"WECO est fier d&#039;annoncer l&#039;arriv\u00e9e du Directeur, Ventes &amp; Marketing, Am\u00e9rique du Nord - WECO Electrical Connectors\" \/>\n<meta property=\"og:url\" content=\"https:\/\/wecoconnectors.com\/fr\/weco-est-fier-dannoncer-larrivee-du-directeur-ventes-marketing-amerique-du-nord\/\" \/>\n<meta property=\"og:site_name\" content=\"WECO Electrical Connectors\" \/>\n<meta property=\"article:published_time\" content=\"2021-01-29T23:43:31+00:00\" \/>\n<meta property=\"article:modified_time\" content=\"2021-01-29T23:47:32+00:00\" \/>\n<meta property=\"og:image\" content=\"https:\/\/wecoconnectors.com\/wp-content\/uploads\/2021\/01\/MarcVilleneuve.png\" \/>\n\t<meta property=\"og:image:width\" content=\"1\" \/>\n\t<meta property=\"og:image:height\" content=\"1\" \/>\n\t<meta property=\"og:image:type\" content=\"image\/png\" \/>\n<meta name=\"author\" content=\"WECO Connectors\" \/>\n<meta name=\"twitter:card\" content=\"summary_large_image\" \/>\n<meta name=\"twitter:label1\" content=\"\u00c9crit par\" \/>\n\t<meta name=\"twitter:data1\" content=\"WECO Connectors\" \/>\n\t<meta name=\"twitter:label2\" content=\"Dur\u00e9e de lecture estim\u00e9e\" \/>\n\t<meta name=\"twitter:data2\" content=\"1 minute\" \/>\n<script type=\"application\/ld+json\" class=\"yoast-schema-graph\">{\"@context\":\"https:\\\/\\\/schema.org\",\"@graph\":[{\"@type\":\"Article\",\"@id\":\"https:\\\/\\\/wecoconnectors.com\\\/fr\\\/weco-est-fier-dannoncer-larrivee-du-directeur-ventes-marketing-amerique-du-nord\\\/#article\",\"isPartOf\":{\"@id\":\"https:\\\/\\\/wecoconnectors.com\\\/fr\\\/weco-est-fier-dannoncer-larrivee-du-directeur-ventes-marketing-amerique-du-nord\\\/\"},\"author\":{\"name\":\"WECO Connectors\",\"@id\":\"https:\\\/\\\/wecoconnectors.com\\\/en\\\/#\\\/schema\\\/person\\\/5a959ad0001101a9e394a8765effcd92\"},\"headline\":\"WECO est fier d&rsquo;annoncer l&rsquo;arriv\u00e9e du Directeur, Ventes &#038; Marketing, Am\u00e9rique du Nord\",\"datePublished\":\"2021-01-29T23:43:31+00:00\",\"dateModified\":\"2021-01-29T23:47:32+00:00\",\"mainEntityOfPage\":{\"@id\":\"https:\\\/\\\/wecoconnectors.com\\\/fr\\\/weco-est-fier-dannoncer-larrivee-du-directeur-ventes-marketing-amerique-du-nord\\\/\"},\"wordCount\":307,\"commentCount\":0,\"publisher\":{\"@id\":\"https:\\\/\\\/wecoconnectors.com\\\/en\\\/#organization\"},\"image\":{\"@id\":\"https:\\\/\\\/wecoconnectors.com\\\/fr\\\/weco-est-fier-dannoncer-larrivee-du-directeur-ventes-marketing-amerique-du-nord\\\/#primaryimage\"},\"thumbnailUrl\":\"https:\\\/\\\/wecoconnectors.com\\\/wp-content\\\/uploads\\\/2021\\\/01\\\/MarcVilleneuve.png\",\"articleSection\":[\"News\"],\"inLanguage\":\"fr-FR\",\"potentialAction\":[{\"@type\":\"CommentAction\",\"name\":\"Comment\",\"target\":[\"https:\\\/\\\/wecoconnectors.com\\\/fr\\\/weco-est-fier-dannoncer-larrivee-du-directeur-ventes-marketing-amerique-du-nord\\\/#respond\"]}]},{\"@type\":\"WebPage\",\"@id\":\"https:\\\/\\\/wecoconnectors.com\\\/fr\\\/weco-est-fier-dannoncer-larrivee-du-directeur-ventes-marketing-amerique-du-nord\\\/\",\"url\":\"https:\\\/\\\/wecoconnectors.com\\\/fr\\\/weco-est-fier-dannoncer-larrivee-du-directeur-ventes-marketing-amerique-du-nord\\\/\",\"name\":\"WECO est fier d'annoncer l'arriv\u00e9e du Directeur, Ventes & Marketing, Am\u00e9rique du Nord - WECO Electrical Connectors\",\"isPartOf\":{\"@id\":\"https:\\\/\\\/wecoconnectors.com\\\/en\\\/#website\"},\"primaryImageOfPage\":{\"@id\":\"https:\\\/\\\/wecoconnectors.com\\\/fr\\\/weco-est-fier-dannoncer-larrivee-du-directeur-ventes-marketing-amerique-du-nord\\\/#primaryimage\"},\"image\":{\"@id\":\"https:\\\/\\\/wecoconnectors.com\\\/fr\\\/weco-est-fier-dannoncer-larrivee-du-directeur-ventes-marketing-amerique-du-nord\\\/#primaryimage\"},\"thumbnailUrl\":\"https:\\\/\\\/wecoconnectors.com\\\/wp-content\\\/uploads\\\/2021\\\/01\\\/MarcVilleneuve.png\",\"datePublished\":\"2021-01-29T23:43:31+00:00\",\"dateModified\":\"2021-01-29T23:47:32+00:00\",\"description\":\"WECO est fier d'annoncer l'arriv\u00e9e du Directeur, Ventes & Marketing, Am\u00e9rique du Nord - WECO Electrical Connectors\",\"breadcrumb\":{\"@id\":\"https:\\\/\\\/wecoconnectors.com\\\/fr\\\/weco-est-fier-dannoncer-larrivee-du-directeur-ventes-marketing-amerique-du-nord\\\/#breadcrumb\"},\"inLanguage\":\"fr-FR\",\"potentialAction\":[{\"@type\":\"ReadAction\",\"target\":[\"https:\\\/\\\/wecoconnectors.com\\\/fr\\\/weco-est-fier-dannoncer-larrivee-du-directeur-ventes-marketing-amerique-du-nord\\\/\"]}]},{\"@type\":\"ImageObject\",\"inLanguage\":\"fr-FR\",\"@id\":\"https:\\\/\\\/wecoconnectors.com\\\/fr\\\/weco-est-fier-dannoncer-larrivee-du-directeur-ventes-marketing-amerique-du-nord\\\/#primaryimage\",\"url\":\"https:\\\/\\\/wecoconnectors.com\\\/wp-content\\\/uploads\\\/2021\\\/01\\\/MarcVilleneuve.png\",\"contentUrl\":\"https:\\\/\\\/wecoconnectors.com\\\/wp-content\\\/uploads\\\/2021\\\/01\\\/MarcVilleneuve.png\"},{\"@type\":\"BreadcrumbList\",\"@id\":\"https:\\\/\\\/wecoconnectors.com\\\/fr\\\/weco-est-fier-dannoncer-larrivee-du-directeur-ventes-marketing-amerique-du-nord\\\/#breadcrumb\",\"itemListElement\":[{\"@type\":\"ListItem\",\"position\":1,\"name\":\"Home\",\"item\":\"https:\\\/\\\/wecoconnectors.com\\\/fr\\\/\"},{\"@type\":\"ListItem\",\"position\":2,\"name\":\"WECO est fier d&#8217;annoncer l&#8217;arriv\u00e9e du Directeur, Ventes &#038; Marketing, Am\u00e9rique du Nord\"}]},{\"@type\":\"WebSite\",\"@id\":\"https:\\\/\\\/wecoconnectors.com\\\/en\\\/#website\",\"url\":\"https:\\\/\\\/wecoconnectors.com\\\/en\\\/\",\"name\":\"WECO Electrical Connectors\",\"description\":\"Connection without limits\",\"publisher\":{\"@id\":\"https:\\\/\\\/wecoconnectors.com\\\/en\\\/#organization\"},\"potentialAction\":[{\"@type\":\"SearchAction\",\"target\":{\"@type\":\"EntryPoint\",\"urlTemplate\":\"https:\\\/\\\/wecoconnectors.com\\\/en\\\/?s={search_term_string}\"},\"query-input\":{\"@type\":\"PropertyValueSpecification\",\"valueRequired\":true,\"valueName\":\"search_term_string\"}}],\"inLanguage\":\"fr-FR\"},{\"@type\":\"Organization\",\"@id\":\"https:\\\/\\\/wecoconnectors.com\\\/en\\\/#organization\",\"name\":\"WECO Electrical Connectors\",\"url\":\"https:\\\/\\\/wecoconnectors.com\\\/en\\\/\",\"logo\":{\"@type\":\"ImageObject\",\"inLanguage\":\"fr-FR\",\"@id\":\"https:\\\/\\\/wecoconnectors.com\\\/en\\\/#\\\/schema\\\/logo\\\/image\\\/\",\"url\":\"https:\\\/\\\/wecoconnectors.com\\\/wp-content\\\/uploads\\\/2021\\\/12\\\/weco-seo-new.jpg\",\"contentUrl\":\"https:\\\/\\\/wecoconnectors.com\\\/wp-content\\\/uploads\\\/2021\\\/12\\\/weco-seo-new.jpg\",\"width\":971,\"height\":509,\"caption\":\"WECO Electrical Connectors\"},\"image\":{\"@id\":\"https:\\\/\\\/wecoconnectors.com\\\/en\\\/#\\\/schema\\\/logo\\\/image\\\/\"}},{\"@type\":\"Person\",\"@id\":\"https:\\\/\\\/wecoconnectors.com\\\/en\\\/#\\\/schema\\\/person\\\/5a959ad0001101a9e394a8765effcd92\",\"name\":\"WECO Connectors\",\"image\":{\"@type\":\"ImageObject\",\"inLanguage\":\"fr-FR\",\"@id\":\"https:\\\/\\\/secure.gravatar.com\\\/avatar\\\/fb7ebc6efad532899b504bc09b7cb19328e537ebbda73bec2927bc49cb320423?s=96&d=mm&r=g\",\"url\":\"https:\\\/\\\/secure.gravatar.com\\\/avatar\\\/fb7ebc6efad532899b504bc09b7cb19328e537ebbda73bec2927bc49cb320423?s=96&d=mm&r=g\",\"contentUrl\":\"https:\\\/\\\/secure.gravatar.com\\\/avatar\\\/fb7ebc6efad532899b504bc09b7cb19328e537ebbda73bec2927bc49cb320423?s=96&d=mm&r=g\",\"caption\":\"WECO Connectors\"},\"url\":\"https:\\\/\\\/wecoconnectors.com\\\/fr\\\/author\\\/weco\\\/\"}]}<\/script>\n<!-- \/ Yoast SEO plugin. -->","yoast_head_json":{"title":"WECO est fier d'annoncer l'arriv\u00e9e du Directeur, Ventes & Marketing, Am\u00e9rique du Nord - WECO Electrical Connectors","description":"WECO est fier d'annoncer l'arriv\u00e9e du Directeur, Ventes & Marketing, Am\u00e9rique du Nord - WECO Electrical Connectors","robots":{"index":"index","follow":"follow","max-snippet":"max-snippet:-1","max-image-preview":"max-image-preview:large","max-video-preview":"max-video-preview:-1"},"canonical":"https:\/\/wecoconnectors.com\/fr\/weco-est-fier-dannoncer-larrivee-du-directeur-ventes-marketing-amerique-du-nord\/","og_locale":"fr_FR","og_type":"article","og_title":"WECO est fier d'annoncer l'arriv\u00e9e du Directeur, Ventes & Marketing, Am\u00e9rique du Nord - WECO Electrical Connectors","og_description":"WECO est fier d'annoncer l'arriv\u00e9e du Directeur, Ventes & Marketing, Am\u00e9rique du Nord - WECO Electrical Connectors","og_url":"https:\/\/wecoconnectors.com\/fr\/weco-est-fier-dannoncer-larrivee-du-directeur-ventes-marketing-amerique-du-nord\/","og_site_name":"WECO Electrical Connectors","article_published_time":"2021-01-29T23:43:31+00:00","article_modified_time":"2021-01-29T23:47:32+00:00","og_image":[{"url":"https:\/\/wecoconnectors.com\/wp-content\/uploads\/2021\/01\/MarcVilleneuve.png","width":1,"height":1,"type":"image\/png"}],"author":"WECO Connectors","twitter_card":"summary_large_image","twitter_misc":{"\u00c9crit par":"WECO Connectors","Dur\u00e9e de lecture estim\u00e9e":"1 minute"},"schema":{"@context":"https:\/\/schema.org","@graph":[{"@type":"Article","@id":"https:\/\/wecoconnectors.com\/fr\/weco-est-fier-dannoncer-larrivee-du-directeur-ventes-marketing-amerique-du-nord\/#article","isPartOf":{"@id":"https:\/\/wecoconnectors.com\/fr\/weco-est-fier-dannoncer-larrivee-du-directeur-ventes-marketing-amerique-du-nord\/"},"author":{"name":"WECO Connectors","@id":"https:\/\/wecoconnectors.com\/en\/#\/schema\/person\/5a959ad0001101a9e394a8765effcd92"},"headline":"WECO est fier d&rsquo;annoncer l&rsquo;arriv\u00e9e du Directeur, Ventes &#038; Marketing, Am\u00e9rique du Nord","datePublished":"2021-01-29T23:43:31+00:00","dateModified":"2021-01-29T23:47:32+00:00","mainEntityOfPage":{"@id":"https:\/\/wecoconnectors.com\/fr\/weco-est-fier-dannoncer-larrivee-du-directeur-ventes-marketing-amerique-du-nord\/"},"wordCount":307,"commentCount":0,"publisher":{"@id":"https:\/\/wecoconnectors.com\/en\/#organization"},"image":{"@id":"https:\/\/wecoconnectors.com\/fr\/weco-est-fier-dannoncer-larrivee-du-directeur-ventes-marketing-amerique-du-nord\/#primaryimage"},"thumbnailUrl":"https:\/\/wecoconnectors.com\/wp-content\/uploads\/2021\/01\/MarcVilleneuve.png","articleSection":["News"],"inLanguage":"fr-FR","potentialAction":[{"@type":"CommentAction","name":"Comment","target":["https:\/\/wecoconnectors.com\/fr\/weco-est-fier-dannoncer-larrivee-du-directeur-ventes-marketing-amerique-du-nord\/#respond"]}]},{"@type":"WebPage","@id":"https:\/\/wecoconnectors.com\/fr\/weco-est-fier-dannoncer-larrivee-du-directeur-ventes-marketing-amerique-du-nord\/","url":"https:\/\/wecoconnectors.com\/fr\/weco-est-fier-dannoncer-larrivee-du-directeur-ventes-marketing-amerique-du-nord\/","name":"WECO est fier d'annoncer l'arriv\u00e9e du Directeur, Ventes & Marketing, Am\u00e9rique du Nord - WECO Electrical Connectors","isPartOf":{"@id":"https:\/\/wecoconnectors.com\/en\/#website"},"primaryImageOfPage":{"@id":"https:\/\/wecoconnectors.com\/fr\/weco-est-fier-dannoncer-larrivee-du-directeur-ventes-marketing-amerique-du-nord\/#primaryimage"},"image":{"@id":"https:\/\/wecoconnectors.com\/fr\/weco-est-fier-dannoncer-larrivee-du-directeur-ventes-marketing-amerique-du-nord\/#primaryimage"},"thumbnailUrl":"https:\/\/wecoconnectors.com\/wp-content\/uploads\/2021\/01\/MarcVilleneuve.png","datePublished":"2021-01-29T23:43:31+00:00","dateModified":"2021-01-29T23:47:32+00:00","description":"WECO est fier d'annoncer l'arriv\u00e9e du Directeur, Ventes & Marketing, Am\u00e9rique du Nord - WECO Electrical Connectors","breadcrumb":{"@id":"https:\/\/wecoconnectors.com\/fr\/weco-est-fier-dannoncer-larrivee-du-directeur-ventes-marketing-amerique-du-nord\/#breadcrumb"},"inLanguage":"fr-FR","potentialAction":[{"@type":"ReadAction","target":["https:\/\/wecoconnectors.com\/fr\/weco-est-fier-dannoncer-larrivee-du-directeur-ventes-marketing-amerique-du-nord\/"]}]},{"@type":"ImageObject","inLanguage":"fr-FR","@id":"https:\/\/wecoconnectors.com\/fr\/weco-est-fier-dannoncer-larrivee-du-directeur-ventes-marketing-amerique-du-nord\/#primaryimage","url":"https:\/\/wecoconnectors.com\/wp-content\/uploads\/2021\/01\/MarcVilleneuve.png","contentUrl":"https:\/\/wecoconnectors.com\/wp-content\/uploads\/2021\/01\/MarcVilleneuve.png"},{"@type":"BreadcrumbList","@id":"https:\/\/wecoconnectors.com\/fr\/weco-est-fier-dannoncer-larrivee-du-directeur-ventes-marketing-amerique-du-nord\/#breadcrumb","itemListElement":[{"@type":"ListItem","position":1,"name":"Home","item":"https:\/\/wecoconnectors.com\/fr\/"},{"@type":"ListItem","position":2,"name":"WECO est fier d&#8217;annoncer l&#8217;arriv\u00e9e du Directeur, Ventes &#038; Marketing, Am\u00e9rique du Nord"}]},{"@type":"WebSite","@id":"https:\/\/wecoconnectors.com\/en\/#website","url":"https:\/\/wecoconnectors.com\/en\/","name":"WECO Electrical Connectors","description":"Connection without limits","publisher":{"@id":"https:\/\/wecoconnectors.com\/en\/#organization"},"potentialAction":[{"@type":"SearchAction","target":{"@type":"EntryPoint","urlTemplate":"https:\/\/wecoconnectors.com\/en\/?s={search_term_string}"},"query-input":{"@type":"PropertyValueSpecification","valueRequired":true,"valueName":"search_term_string"}}],"inLanguage":"fr-FR"},{"@type":"Organization","@id":"https:\/\/wecoconnectors.com\/en\/#organization","name":"WECO Electrical Connectors","url":"https:\/\/wecoconnectors.com\/en\/","logo":{"@type":"ImageObject","inLanguage":"fr-FR","@id":"https:\/\/wecoconnectors.com\/en\/#\/schema\/logo\/image\/","url":"https:\/\/wecoconnectors.com\/wp-content\/uploads\/2021\/12\/weco-seo-new.jpg","contentUrl":"https:\/\/wecoconnectors.com\/wp-content\/uploads\/2021\/12\/weco-seo-new.jpg","width":971,"height":509,"caption":"WECO Electrical Connectors"},"image":{"@id":"https:\/\/wecoconnectors.com\/en\/#\/schema\/logo\/image\/"}},{"@type":"Person","@id":"https:\/\/wecoconnectors.com\/en\/#\/schema\/person\/5a959ad0001101a9e394a8765effcd92","name":"WECO Connectors","image":{"@type":"ImageObject","inLanguage":"fr-FR","@id":"https:\/\/secure.gravatar.com\/avatar\/fb7ebc6efad532899b504bc09b7cb19328e537ebbda73bec2927bc49cb320423?s=96&d=mm&r=g","url":"https:\/\/secure.gravatar.com\/avatar\/fb7ebc6efad532899b504bc09b7cb19328e537ebbda73bec2927bc49cb320423?s=96&d=mm&r=g","contentUrl":"https:\/\/secure.gravatar.com\/avatar\/fb7ebc6efad532899b504bc09b7cb19328e537ebbda73bec2927bc49cb320423?s=96&d=mm&r=g","caption":"WECO Connectors"},"url":"https:\/\/wecoconnectors.com\/fr\/author\/weco\/"}]}},"_links":{"self":[{"href":"https:\/\/wecoconnectors.com\/fr\/wp-json\/wp\/v2\/posts\/40691","targetHints":{"allow":["GET"]}}],"collection":[{"href":"https:\/\/wecoconnectors.com\/fr\/wp-json\/wp\/v2\/posts"}],"about":[{"href":"https:\/\/wecoconnectors.com\/fr\/wp-json\/wp\/v2\/types\/post"}],"author":[{"embeddable":true,"href":"https:\/\/wecoconnectors.com\/fr\/wp-json\/wp\/v2\/users\/5"}],"replies":[{"embeddable":true,"href":"https:\/\/wecoconnectors.com\/fr\/wp-json\/wp\/v2\/comments?post=40691"}],"version-history":[{"count":0,"href":"https:\/\/wecoconnectors.com\/fr\/wp-json\/wp\/v2\/posts\/40691\/revisions"}],"wp:featuredmedia":[{"embeddable":true,"href":"https:\/\/wecoconnectors.com\/fr\/wp-json\/wp\/v2\/media\/40381"}],"wp:attachment":[{"href":"https:\/\/wecoconnectors.com\/fr\/wp-json\/wp\/v2\/media?parent=40691"}],"wp:term":[{"taxonomy":"category","embeddable":true,"href":"https:\/\/wecoconnectors.com\/fr\/wp-json\/wp\/v2\/categories?post=40691"},{"taxonomy":"post_tag","embeddable":true,"href":"https:\/\/wecoconnectors.com\/fr\/wp-json\/wp\/v2\/tags?post=40691"}],"curies":[{"name":"wp","href":"https:\/\/api.w.org\/{rel}","templated":true}]}}